{"id":4020,"date":"2022-07-05T13:59:32","date_gmt":"2022-07-05T18:59:32","guid":{"rendered":"https:\/\/www.primefreight.com\/?p=4020"},"modified":"2022-07-05T13:59:34","modified_gmt":"2022-07-05T18:59:34","slug":"les-camionneurs-du-port-de-vancouver-sappretent-a-interrompre-leurs-services-en-raison-dun-mandat-environnemental-qui-les-oblige-a-acheter-de-nouveaux-camions","status":"publish","type":"post","link":"https:\/\/www.primefreight.com\/fr\/port-of-vancouver-truckers-poised-to-withdraw-service-over-environmental-mandate-that-forces-some-to-buy-new-trucks\/","title":{"rendered":"Les camionneurs du port de Vancouver sont pr\u00eats \u00e0 interrompre leurs services en raison d'un mandat environnemental qui les oblige \u00e0 acheter de nouveaux camions"},"content":{"rendered":"<p>L'Association des camionneurs unis a vot\u00e9 vendredi en faveur d'une action contre une r\u00e9cente directive du port de Vancouver qui interdit aux op\u00e9rateurs de conduire des v\u00e9hicules de plus de 12 ans.<\/p>\n\n\n\n<p>Gagan Singh, porte-parole de l'association, a d\u00e9clar\u00e9 que 639 des 1 000 membres ont vot\u00e9 pour le retrait du service, sans aucune voix contre.<\/p>\n\n\n\n<p>M. Singh a d\u00e9clar\u00e9 que la prochaine \u00e9tape consisterait \u00e0 \"consulter nos directeurs et \u00e0 discuter avec les syndicats de la date de l'action, si nous l'envisageons\". Des r\u00e9unions sont pr\u00e9vues mardi.<\/p>\n\n\n\n<p>Les camionneurs sont m\u00e9contents du Rolling Truck Age Program, qui doit d\u00e9buter le 15 septembre et qui concernera environ 20 % des 1 800 camions qui transportent des conteneurs \u00e0 destination et en provenance des ports, dans le but de r\u00e9duire les \u00e9missions.<\/p>\n\n\n\n<p>Le syndicat a d\u00e9clar\u00e9 que 360 chauffeurs devront acheter un camion neuf ou l\u00e9g\u00e8rement usag\u00e9, ce qui peut co\u00fbter plus de $200 000.<\/p>\n\n\n\n<p>\"Ces mesures co\u00fbteuses feront peser une charge financi\u00e8re extr\u00eame sur les transporteurs routiers de conteneurs, alors que les taux d'inflation et d'inabordabilit\u00e9 sont les plus \u00e9lev\u00e9s depuis une g\u00e9n\u00e9ration\", a d\u00e9clar\u00e9 M. Singh.<\/p>","protected":false},"excerpt":{"rendered":"<p>La United Truckers Association a vot\u00e9 vendredi en faveur d'une action contre une r\u00e9cente directive du Port de Vancouver qui interdit aux op\u00e9rateurs de conduire des v\u00e9hicules de plus de 12 ans. Gagan Singh, porte-parole de l'association, a d\u00e9clar\u00e9 que 639 des 1 000 membres ont vot\u00e9 en faveur de l'action.<\/p>","protected":false},"author":10,"featured_media":4021,"comment_status":"closed","ping_status":"open","sticky":false,"template":"","format":"standard","meta":{"content-type":"","_mbp_gutenberg_autopost":false,"footnotes":""},"categories":[3],"tags":[],"class_list":["post-4020","post","type-post","status-publish","format-standard","has-post-thumbnail","hentry","category-blog"],"jetpack_featured_media_url":"https:\/\/www.primefreight.com\/wp-content\/uploads\/2022\/07\/22-S05077_-_Prime_Freight-_DN2022-D117-_HPL.jpeg","_links":{"self":[{"href":"https:\/\/www.primefreight.com\/fr\/wp-json\/wp\/v2\/posts\/4020","targetHints":{"allow":["GET"]}}],"collection":[{"href":"https:\/\/www.primefreight.com\/fr\/wp-json\/wp\/v2\/posts"}],"about":[{"href":"https:\/\/www.primefreight.com\/fr\/wp-json\/wp\/v2\/types\/post"}],"author":[{"embeddable":true,"href":"https:\/\/www.primefreight.com\/fr\/wp-json\/wp\/v2\/users\/10"}],"replies":[{"embeddable":true,"href":"https:\/\/www.primefreight.com\/fr\/wp-json\/wp\/v2\/comments?post=4020"}],"version-history":[{"count":1,"href":"https:\/\/www.primefreight.com\/fr\/wp-json\/wp\/v2\/posts\/4020\/revisions"}],"predecessor-version":[{"id":4022,"href":"https:\/\/www.primefreight.com\/fr\/wp-json\/wp\/v2\/posts\/4020\/revisions\/4022"}],"wp:featuredmedia":[{"embeddable":true,"href":"https:\/\/www.primefreight.com\/fr\/wp-json\/wp\/v2\/media\/4021"}],"wp:attachment":[{"href":"https:\/\/www.primefreight.com\/fr\/wp-json\/wp\/v2\/media?parent=4020"}],"wp:term":[{"taxonomy":"category","embeddable":true,"href":"https:\/\/www.primefreight.com\/fr\/wp-json\/wp\/v2\/categories?post=4020"},{"taxonomy":"post_tag","embeddable":true,"href":"https:\/\/www.primefreight.com\/fr\/wp-json\/wp\/v2\/tags?post=4020"}],"curies":[{"name":"wp","href":"https:\/\/api.w.org\/{rel}","templated":true}]}}