{"id":4804,"date":"2024-04-02T09:28:50","date_gmt":"2024-04-02T14:28:50","guid":{"rendered":"https:\/\/www.primefreight.com\/?p=4804"},"modified":"2024-04-02T09:28:55","modified_gmt":"2024-04-02T14:28:55","slug":"une-greve-portuaire-potentielle-suscite-des-inquietudes-quant-au-reacheminement-du-fret","status":"publish","type":"post","link":"https:\/\/www.primefreight.com\/fr\/potential-port-strike-prompts-cargo-rerouting-concerns\/","title":{"rendered":"Une gr\u00e8ve portuaire potentielle suscite des inqui\u00e9tudes quant au r\u00e9acheminement du fret"},"content":{"rendered":"<p>Les incertitudes qui planent sur le port de Montr\u00e9al suscitent des inqui\u00e9tudes quant aux perturbations potentielles dues \u00e0 une \u00e9ventuelle gr\u00e8ve des travailleurs. Quelques entreprises ont r\u00e9cemment annonc\u00e9 un r\u00e9acheminement pr\u00e9ventif de leur cargaison hors du port de Montr\u00e9al, optant plut\u00f4t pour Halifax. Cette d\u00e9cision suscite l'appr\u00e9hension au sein de l'industrie, laissant pr\u00e9sager un effet domino potentiel o\u00f9 d'autres entreprises pourraient suivre l'exemple.<\/p>\n\n\n\n<p>Le Conseil canadien des relations industrielles a r\u00e9cemment rejet\u00e9 une demande des employeurs du port de Montr\u00e9al visant \u00e0 mandater des travailleurs pendant une gr\u00e8ve, ouvrant ainsi la porte \u00e0 une \u00e9ventuelle action collective ou \u00e0 un lock-out. Le gel des n\u00e9gociations a pris fin avec la d\u00e9cision du Conseil le 14 mars, ce qui a eu pour effet d'accro\u00eetre les tensions entre les syndicats et le patronat.<\/p>\n\n\n\n<p>L'Association des employeurs maritimes a d\u00e9pos\u00e9 une plainte aupr\u00e8s de la commission du travail, accusant le syndicat d'adopter une position de \"mauvaise foi\" en refusant de reprendre les n\u00e9gociations. Cette impasse, exacerb\u00e9e par l'expiration de la convention collective le 31 d\u00e9cembre, souligne les difficult\u00e9s \u00e0 trouver une solution. Les effets de la gr\u00e8ve potentielle s'\u00e9tendent au-del\u00e0 des relations patronales-syndicales et ont un impact sur les entreprises et l'\u00e9conomie en g\u00e9n\u00e9ral. Les employeurs s'inqui\u00e8tent de la baisse des volumes de fret et des revenus, aggrav\u00e9e par l'incertitude entourant les perturbations du travail.<\/p>\n\n\n\n<p>Si une gr\u00e8ve devait se produire, elle pourrait entra\u00eener un changement important des itin\u00e9raires de fret, affectant non seulement le port de Montr\u00e9al, mais aussi les entreprises qui d\u00e9pendent du transport des marchandises en temps voulu. Les grands d\u00e9taillants, en particulier, se pr\u00e9parent \u00e0 d'\u00e9ventuelles perturbations et explorent d'autres itin\u00e9raires pour maintenir leurs cha\u00eenes d'approvisionnement. La situation au port de Montr\u00e9al est le reflet de tensions sociales plus g\u00e9n\u00e9rales au sein de la cha\u00eene d'approvisionnement maritime et du secteur des transports au Canada. Des pr\u00e9occupations similaires se profilent dans l'industrie ferroviaire, o\u00f9 les n\u00e9gociations entre les chemins de fer et les syndicats se poursuivent sous la menace d'arr\u00eats de travail.<\/p>","protected":false},"excerpt":{"rendered":"<p>Les incertitudes qui planent sur le port de Montr\u00e9al suscitent des inqui\u00e9tudes quant aux perturbations potentielles dues \u00e0 une \u00e9ventuelle gr\u00e8ve des travailleurs. Quelques entreprises ont r\u00e9cemment annonc\u00e9 un r\u00e9acheminement pr\u00e9ventif de leur cargaison hors du port de Montr\u00e9al, optant plut\u00f4t pour Halifax. Cette d\u00e9cision suscite des craintes au sein de l'industrie, car elle laisse pr\u00e9sager que le port de Montr\u00e9al pourrait \u00eatre perturb\u00e9 par une gr\u00e8ve des travailleurs.<\/p>","protected":false},"author":10,"featured_media":4604,"comment_status":"closed","ping_status":"open","sticky":false,"template":"","format":"standard","meta":{"content-type":"","_mbp_gutenberg_autopost":false,"footnotes":""},"categories":[3],"tags":[],"class_list":["post-4804","post","type-post","status-publish","format-standard","has-post-thumbnail","hentry","category-blog"],"jetpack_featured_media_url":"https:\/\/www.primefreight.com\/wp-content\/uploads\/2023\/08\/2021-07-12T114828Z_1054285723_RC2MFO9PDJOV_RTRMADP_3_EGYPT-SUEZ-CANAL-1692763070.webp","_links":{"self":[{"href":"https:\/\/www.primefreight.com\/fr\/wp-json\/wp\/v2\/posts\/4804","targetHints":{"allow":["GET"]}}],"collection":[{"href":"https:\/\/www.primefreight.com\/fr\/wp-json\/wp\/v2\/posts"}],"about":[{"href":"https:\/\/www.primefreight.com\/fr\/wp-json\/wp\/v2\/types\/post"}],"author":[{"embeddable":true,"href":"https:\/\/www.primefreight.com\/fr\/wp-json\/wp\/v2\/users\/10"}],"replies":[{"embeddable":true,"href":"https:\/\/www.primefreight.com\/fr\/wp-json\/wp\/v2\/comments?post=4804"}],"version-history":[{"count":1,"href":"https:\/\/www.primefreight.com\/fr\/wp-json\/wp\/v2\/posts\/4804\/revisions"}],"predecessor-version":[{"id":4807,"href":"https:\/\/www.primefreight.com\/fr\/wp-json\/wp\/v2\/posts\/4804\/revisions\/4807"}],"wp:featuredmedia":[{"embeddable":true,"href":"https:\/\/www.primefreight.com\/fr\/wp-json\/wp\/v2\/media\/4604"}],"wp:attachment":[{"href":"https:\/\/www.primefreight.com\/fr\/wp-json\/wp\/v2\/media?parent=4804"}],"wp:term":[{"taxonomy":"category","embeddable":true,"href":"https:\/\/www.primefreight.com\/fr\/wp-json\/wp\/v2\/categories?post=4804"},{"taxonomy":"post_tag","embeddable":true,"href":"https:\/\/www.primefreight.com\/fr\/wp-json\/wp\/v2\/tags?post=4804"}],"curies":[{"name":"wp","href":"https:\/\/api.w.org\/{rel}","templated":true}]}}